{"id":1708,"date":"2020-06-22T19:07:06","date_gmt":"2020-06-22T17:07:06","guid":{"rendered":"http:\/\/firminy-gym.eu\/?p=1708"},"modified":"2020-10-22T17:13:21","modified_gmt":"2020-10-22T15:13:21","slug":"reouverture-du-gymnase","status":"publish","type":"post","link":"http:\/\/firminy-gym.eu\/index.php\/2020\/06\/22\/reouverture-du-gymnase\/","title":{"rendered":"R\u00e9ouverture du gymnase"},"content":{"rendered":"<p><strong><span style=\"color: #800080;\">Chers adh\u00e9rents,<\/span><\/strong><\/p>\n<div><strong><span style=\"color: #800080;\">La situation sanitaire \u00e9volue positivement et nous sommes en mesure de vous annoncer la reprise des entra\u00eenements pour la plupart de nos gymnastes.<\/span><\/strong><\/div>\n<div><\/div>\n<div><strong><span style=\"color: #800080;\">En effet la municipalit\u00e9 de Firminy vient de nous autoriser \u00e0 utiliser le gymnase sp\u00e9cialis\u00e9 GM5, avec bien entendu des mesures sanitaires \u00e0 respecter.<\/span><\/strong><\/div>\n<div><\/div>\n<div><strong><span style=\"color: #800080;\">Les contraintes li\u00e9es au mat\u00e9riel notamment ne nous permettent malheureusement pas de proposer de s\u00e9ances \u00e0 nos plus petits (baby-gym et poussy-gym).<\/span><\/strong><\/div>\n<div><\/div>\n<div><strong><span style=\"color: #800080;\">Pour les autres, un planning va vous \u00eatre propos\u00e9 par vos entra\u00eeneurs. Planning qui respecte \u00e9videmment toutes les mesures gouvernementales de reprise d&rsquo;activit\u00e9s, et celles demand\u00e9es par la municipalit\u00e9.<\/span><\/strong><\/div>\n<div><\/div>\n<div><strong><span style=\"color: #800080;\">Vous trouverez le <a href=\"http:\/\/firminy-gym.eu\/wp-content\/uploads\/2020\/06\/protocole-firminy-gym.pdf\" target=\"_blank\" rel=\"noopener noreferrer\">protocole sanitaire de reprise<\/a> en t\u00e9l\u00e9chargement ci-dessous.<\/span><\/strong><\/div>\n<div><\/div>\n<div><strong><span style=\"color: #800080;\">En principe les entra\u00eenements devraient \u00eatre prolong\u00e9s jusqu&rsquo;au vendredi 10 juillet, et nous envisageons une reprise pour l&rsquo;a saison 2020-2021 d\u00e8s le lundi 16 ao\u00fbt.<\/span><\/strong><\/div>\n<div><\/div>\n<div><strong><span style=\"color: #800080;\">Nous vous annon\u00e7ons que le bureau de Firminy-Gym a d\u00e9cid\u00e9 au vu de cette situation d&rsquo;accorder \u00e0 tous les adh\u00e9rents 2019-2020 une r\u00e9duction de 10 euros sur la cotisation 2020-2021.<\/span><\/strong><\/div>\n<div><\/div>\n<div><strong><span style=\"color: #800080;\">Nous esp\u00e9rons vous retrouver bient\u00f4t au gymnase !<\/span><\/strong><\/div>\n<div><\/div>\n<h3 style=\"text-align: center;\"><a href=\"http:\/\/firminy-gym.eu\/wp-content\/uploads\/2020\/06\/protocole-firminy-gym.pdf\" target=\"_blank\" rel=\"noopener noreferrer\"><strong>protocole sanitaire de reprise<\/strong><\/a><\/h3>\n<p><a href=\"http:\/\/firminy-gym.eu\/wp-content\/uploads\/2020\/06\/protocole-firminy-gym.pdf\" target=\"_blank\" rel=\"noopener noreferrer\"><img data-recalc-dims=\"1\" loading=\"lazy\" decoding=\"async\" class=\"size-full wp-image-1711 aligncenter\" src=\"https:\/\/i0.wp.com\/firminy-gym.eu\/wp-content\/uploads\/2020\/06\/protocole-firminy-gym.png?resize=163%2C228\" alt=\"\" width=\"163\" height=\"228\" \/><\/a><\/p>\n<div><\/div>\n","protected":false},"excerpt":{"rendered":"<p>Chers adh\u00e9rents, La situation sanitaire \u00e9volue positivement et nous sommes en mesure de vous annoncer la reprise des entra\u00eenements pour la plupart de nos gymnastes. [&#8230;]<\/p>\n","protected":false},"author":3,"featured_media":0,"comment_status":"closed","ping_status":"closed","sticky":false,"template":"","format":"standard","meta":{"jetpack_post_was_ever_published":false,"_jetpack_newsletter_access":"","_jetpack_dont_email_post_to_subs":false,"_jetpack_newsletter_tier_id":0,"_jetpack_memberships_contains_paywalled_content":false,"_jetpack_memberships_contains_paid_content":false,"footnotes":"","jetpack_publicize_message":"","jetpack_publicize_feature_enabled":true,"jetpack_social_post_already_shared":true,"jetpack_social_options":{"image_generator_settings":{"template":"highway","enabled":false},"version":2}},"categories":[6],"tags":[],"class_list":["post-1708","post","type-post","status-publish","format-standard","hentry","category-article"],"jetpack_publicize_connections":[],"jetpack_featured_media_url":"","jetpack_sharing_enabled":true,"jetpack_shortlink":"https:\/\/wp.me\/p9pxLK-ry","publishpress_future_action":{"enabled":false,"date":"2026-05-08 19:18:38","action":"change-status","newStatus":"draft","terms":[],"taxonomy":"category"},"_links":{"self":[{"href":"http:\/\/firminy-gym.eu\/index.php\/wp-json\/wp\/v2\/posts\/1708"}],"collection":[{"href":"http:\/\/firminy-gym.eu\/index.php\/wp-json\/wp\/v2\/posts"}],"about":[{"href":"http:\/\/firminy-gym.eu\/index.php\/wp-json\/wp\/v2\/types\/post"}],"author":[{"embeddable":true,"href":"http:\/\/firminy-gym.eu\/index.php\/wp-json\/wp\/v2\/users\/3"}],"replies":[{"embeddable":true,"href":"http:\/\/firminy-gym.eu\/index.php\/wp-json\/wp\/v2\/comments?post=1708"}],"version-history":[{"count":3,"href":"http:\/\/firminy-gym.eu\/index.php\/wp-json\/wp\/v2\/posts\/1708\/revisions"}],"predecessor-version":[{"id":1713,"href":"http:\/\/firminy-gym.eu\/index.php\/wp-json\/wp\/v2\/posts\/1708\/revisions\/1713"}],"wp:attachment":[{"href":"http:\/\/firminy-gym.eu\/index.php\/wp-json\/wp\/v2\/media?parent=1708"}],"wp:term":[{"taxonomy":"category","embeddable":true,"href":"http:\/\/firminy-gym.eu\/index.php\/wp-json\/wp\/v2\/categories?post=1708"},{"taxonomy":"post_tag","embeddable":true,"href":"http:\/\/firminy-gym.eu\/index.php\/wp-json\/wp\/v2\/tags?post=1708"}],"curies":[{"name":"wp","href":"https:\/\/api.w.org\/{rel}","templated":true}]}}